{"id":383729,"date":"2024-12-02T16:47:53","date_gmt":"2024-12-02T14:47:53","guid":{"rendered":"https:\/\/www.t2o.com\/?p=383729"},"modified":"2025-06-17T14:37:04","modified_gmt":"2025-06-17T12:37:04","slug":"t2o-italia-entra-a-far-parte-di-una-aziende-della-comunicazione-unite","status":"publish","type":"post","link":"https:\/\/www.t2o.com\/it\/news\/t2o-italia-entra-a-far-parte-di-una-aziende-della-comunicazione-unite\/","title":{"rendered":"t2\u00f3 Italia entra a far parte di UNA &#8211; Aziende della Comunicazione Unite"},"content":{"rendered":"<p><span style=\"font-weight: 400\">Milano, [18 novembre 2024] \u2013 t2\u00f3 Italia, parte del gruppo internazionale t2\u00f3 ONE e gi\u00e0 socio IAB, con oltre 500 dipendenti e una rete di aziende specializzate, annuncia con orgoglio il suo ingresso in UNA \u2013 Aziende della Comunicazione Unite, l\u2019associazione di riferimento per il settore della comunicazione italiana.<\/span><\/p>\n<p><span style=\"font-weight: 400\">t2\u00f3 Italia, sotto la guida di Cristina Ughes come Managing Director, sta vivendo una fase di evoluzione strategica e posizionamento che riflette un approccio pi\u00f9 innovativo e orientato alle esigenze specifiche dei brand. Dal suo arrivo, l&#8217;agenzia ha intrapreso un percorso di rinnovamento, consolidando il suo ruolo nel mercato italiano e puntando su un mix vincente di creativit\u00e0, media e tecnologia. Questo nuovo posizionamento strategico si traduce in soluzioni digitali sempre pi\u00f9 personalizzate e all\u2019avanguardia, pensate per rispondere alle sfide di brand appartenenti a settori diversi.\u00a0<\/span><\/p>\n<p><span style=\"font-weight: 400\">Grazie a una cultura che favorisce la collaborazione tra paesi e il lavoro sinergico con i clienti, t2\u00f3 Italia si distingue per la capacit\u00e0 di trasformare ogni progetto in un risultato su misura, mantenendo al centro la flessibilit\u00e0 e l&#8217;innovazione. L&#8217;agenzia si conferma un punto di riferimento per chi desidera massimizzare il proprio impatto sui media, offrendo servizi strategici integrati che coniugano creativit\u00e0, analisi e innovazione per raggiungere obiettivi concreti e misurabili.<\/span><\/p>\n<p><span style=\"font-weight: 400\">Nata nel 2019, UNA rappresenta oggi 274 aziende associate, tra cui agenzie creative, digital, relazioni pubbliche, centri media, eventi e retail. Attraverso HUB dedicati, l\u2019associazione offre spazi di confronto verticale e condivisione di best practice, con l\u2019obiettivo di rispondere alle esigenze di un mercato in continua evoluzione e di promuovere innovazione e qualit\u00e0 nei servizi offerti.<\/span><\/p>\n<p><b>Davide Arduini, Presidente di UNA dichiara:<\/b><b><br \/>\n<\/b><i><span style=\"font-weight: 400\">\u201cSiamo lieti di accogliere t2\u00f3 Italia nella nostra associazione, una realt\u00e0 che si distingue per innovazione e professionalit\u00e0. La loro adesione rappresenta un passo importante per rafforzare il nostro network e continuare a promuovere l\u2019eccellenza nel settore della comunicazione. Collaborare con sempre pi\u00f9 agenzie come t2\u00f3 Italia ci permette di crescere insieme, consolidando il ruolo di UNA come punto di riferimento per il mercato\u201d.<\/span><\/i><\/p>\n<p><b>Cristina Ughes, Managing Director di t2\u00f3 Italia, commenta:<\/b><b><br \/>\n<\/b><i><span style=\"font-weight: 400\">\u201cEntrare a far parte di UNA rappresenta per noi un passo strategico per rafforzare il nostro posizionamento nel mercato italiano e accrescere il nostro contributo al settore. La possibilit\u00e0 di confrontarci con una rete cos\u00ec ricca e diversificata di professionisti ci permetter\u00e0 di cogliere nuove opportunit\u00e0 di crescita, garantendo al contempo ai nostri clienti soluzioni sempre pi\u00f9 efficaci e innovative.\u201d<\/span><\/i><\/p>\n<p><span style=\"font-weight: 400\">L\u2019adesione a UNA consolida ulteriormente la presenza di t2\u00f3 Italia come player di riferimento nel panorama delle agenzie media digitali, confermando il suo impegno nell\u2019eccellenza e nella costruzione di relazioni di valore nel settore della comunicazione.<\/span><\/p>\n","protected":false},"excerpt":{"rendered":"<p>Milano, [18 novembre 2024] \u2013 t2\u00f3 Italia, parte del gruppo internazionale t2\u00f3 ONE e gi\u00e0 socio IAB, con oltre 500 dipendenti e una rete di aziende&#8230;<\/p>\n","protected":false},"author":157,"featured_media":383731,"comment_status":"closed","ping_status":"closed","sticky":false,"template":"","format":"standard","meta":{"_acf_changed":false,"inline_featured_image":false,"footnotes":""},"categories":[1340],"tags":[],"acf":[],"yoast_head":"<!-- This site is optimized with the Yoast SEO plugin v22.2 - https:\/\/yoast.com\/wordpress\/plugins\/seo\/ -->\n<title>t2\u00f3 Italia entra a far parte di UNA - Aziende della Comunicazione Unite - t2\u00f3<\/title>\n<meta name=\"robots\" content=\"index, follow, max-snippet:-1, max-image-preview:large, max-video-preview:-1\" \/>\n<link rel=\"canonical\" href=\"https:\/\/www.t2o.com\/it\/news\/t2o-italia-entra-a-far-parte-di-una-aziende-della-comunicazione-unite\/\" \/>\n<meta property=\"og:locale\" content=\"it_IT\" \/>\n<meta property=\"og:type\" content=\"article\" \/>\n<meta property=\"og:title\" content=\"t2\u00f3 Italia entra a far parte di UNA - Aziende della Comunicazione Unite - t2\u00f3\" \/>\n<meta property=\"og:description\" content=\"Milano, [18 novembre 2024] \u2013 t2\u00f3 Italia, parte del gruppo internazionale t2\u00f3 ONE e gi\u00e0 socio IAB, con oltre 500 dipendenti e una rete di aziende...\" \/>\n<meta property=\"og:url\" content=\"https:\/\/www.t2o.com\/it\/news\/t2o-italia-entra-a-far-parte-di-una-aziende-della-comunicazione-unite\/\" \/>\n<meta property=\"og:site_name\" content=\"t2\u00f3\" \/>\n<meta property=\"article:published_time\" content=\"2024-12-02T14:47:53+00:00\" \/>\n<meta property=\"article:modified_time\" content=\"2025-06-17T12:37:04+00:00\" \/>\n<meta property=\"og:image\" content=\"https:\/\/www.t2o.com\/wp-content\/uploads\/2024\/12\/t2oUna.jpg\" \/>\n\t<meta property=\"og:image:width\" content=\"2000\" \/>\n\t<meta property=\"og:image:height\" content=\"700\" \/>\n\t<meta property=\"og:image:type\" content=\"image\/jpeg\" \/>\n<meta name=\"author\" content=\"t2oit\" \/>\n<meta name=\"twitter:card\" content=\"summary_large_image\" \/>\n<meta name=\"twitter:label1\" content=\"Scritto da\" \/>\n\t<meta name=\"twitter:data1\" content=\"t2oit\" \/>\n\t<meta name=\"twitter:label2\" content=\"Tempo di lettura stimato\" \/>\n\t<meta name=\"twitter:data2\" content=\"3 minuti\" \/>\n<script type=\"application\/ld+json\" class=\"yoast-schema-graph\">{\"@context\":\"https:\/\/schema.org\",\"@graph\":[{\"@type\":\"WebPage\",\"@id\":\"https:\/\/www.t2o.com\/it\/news\/t2o-italia-entra-a-far-parte-di-una-aziende-della-comunicazione-unite\/\",\"url\":\"https:\/\/www.t2o.com\/it\/news\/t2o-italia-entra-a-far-parte-di-una-aziende-della-comunicazione-unite\/\",\"name\":\"t2\u00f3 Italia entra a far parte di UNA - Aziende della Comunicazione Unite - t2\u00f3\",\"isPartOf\":{\"@id\":\"https:\/\/www.t2o.com\/it\/#website\"},\"primaryImageOfPage\":{\"@id\":\"https:\/\/www.t2o.com\/it\/news\/t2o-italia-entra-a-far-parte-di-una-aziende-della-comunicazione-unite\/#primaryimage\"},\"image\":{\"@id\":\"https:\/\/www.t2o.com\/it\/news\/t2o-italia-entra-a-far-parte-di-una-aziende-della-comunicazione-unite\/#primaryimage\"},\"thumbnailUrl\":\"https:\/\/www.t2o.com\/wp-content\/uploads\/2024\/12\/t2oUna.jpg\",\"datePublished\":\"2024-12-02T14:47:53+00:00\",\"dateModified\":\"2025-06-17T12:37:04+00:00\",\"author\":{\"@id\":\"https:\/\/www.t2o.com\/it\/#\/schema\/person\/5663f101837e22f53842e782a1cc1a41\"},\"breadcrumb\":{\"@id\":\"https:\/\/www.t2o.com\/it\/news\/t2o-italia-entra-a-far-parte-di-una-aziende-della-comunicazione-unite\/#breadcrumb\"},\"inLanguage\":\"it-IT\",\"potentialAction\":[{\"@type\":\"ReadAction\",\"target\":[\"https:\/\/www.t2o.com\/it\/news\/t2o-italia-entra-a-far-parte-di-una-aziende-della-comunicazione-unite\/\"]}]},{\"@type\":\"ImageObject\",\"inLanguage\":\"it-IT\",\"@id\":\"https:\/\/www.t2o.com\/it\/news\/t2o-italia-entra-a-far-parte-di-una-aziende-della-comunicazione-unite\/#primaryimage\",\"url\":\"https:\/\/www.t2o.com\/wp-content\/uploads\/2024\/12\/t2oUna.jpg\",\"contentUrl\":\"https:\/\/www.t2o.com\/wp-content\/uploads\/2024\/12\/t2oUna.jpg\",\"width\":2000,\"height\":700},{\"@type\":\"BreadcrumbList\",\"@id\":\"https:\/\/www.t2o.com\/it\/news\/t2o-italia-entra-a-far-parte-di-una-aziende-della-comunicazione-unite\/#breadcrumb\",\"itemListElement\":[{\"@type\":\"ListItem\",\"position\":1,\"name\":\"Portada\",\"item\":\"https:\/\/www.t2o.com\/it\/\"},{\"@type\":\"ListItem\",\"position\":2,\"name\":\"t2\u00f3 Italia entra a far parte di UNA &#8211; Aziende della Comunicazione Unite\"}]},{\"@type\":\"WebSite\",\"@id\":\"https:\/\/www.t2o.com\/it\/#website\",\"url\":\"https:\/\/www.t2o.com\/it\/\",\"name\":\"t2\u00f3\",\"description\":\"t2\u00f3 es una consultora de Marketing, Ventas y Estrategia Digital\",\"potentialAction\":[{\"@type\":\"SearchAction\",\"target\":{\"@type\":\"EntryPoint\",\"urlTemplate\":\"https:\/\/www.t2o.com\/it\/?s={search_term_string}\"},\"query-input\":\"required name=search_term_string\"}],\"inLanguage\":\"it-IT\"},{\"@type\":\"Person\",\"@id\":\"https:\/\/www.t2o.com\/it\/#\/schema\/person\/5663f101837e22f53842e782a1cc1a41\",\"name\":\"t2oit\",\"url\":\"https:\/\/www.t2o.com\/it\/author\/t2oit\/\"}]}<\/script>\n<!-- \/ Yoast SEO plugin. -->","yoast_head_json":{"title":"t2\u00f3 Italia entra a far parte di UNA - Aziende della Comunicazione Unite - t2\u00f3","robots":{"index":"index","follow":"follow","max-snippet":"max-snippet:-1","max-image-preview":"max-image-preview:large","max-video-preview":"max-video-preview:-1"},"canonical":"https:\/\/www.t2o.com\/it\/news\/t2o-italia-entra-a-far-parte-di-una-aziende-della-comunicazione-unite\/","og_locale":"it_IT","og_type":"article","og_title":"t2\u00f3 Italia entra a far parte di UNA - Aziende della Comunicazione Unite - t2\u00f3","og_description":"Milano, [18 novembre 2024] \u2013 t2\u00f3 Italia, parte del gruppo internazionale t2\u00f3 ONE e gi\u00e0 socio IAB, con oltre 500 dipendenti e una rete di aziende...","og_url":"https:\/\/www.t2o.com\/it\/news\/t2o-italia-entra-a-far-parte-di-una-aziende-della-comunicazione-unite\/","og_site_name":"t2\u00f3","article_published_time":"2024-12-02T14:47:53+00:00","article_modified_time":"2025-06-17T12:37:04+00:00","og_image":[{"width":2000,"height":700,"url":"https:\/\/www.t2o.com\/wp-content\/uploads\/2024\/12\/t2oUna.jpg","type":"image\/jpeg"}],"author":"t2oit","twitter_card":"summary_large_image","twitter_misc":{"Scritto da":"t2oit","Tempo di lettura stimato":"3 minuti"},"schema":{"@context":"https:\/\/schema.org","@graph":[{"@type":"WebPage","@id":"https:\/\/www.t2o.com\/it\/news\/t2o-italia-entra-a-far-parte-di-una-aziende-della-comunicazione-unite\/","url":"https:\/\/www.t2o.com\/it\/news\/t2o-italia-entra-a-far-parte-di-una-aziende-della-comunicazione-unite\/","name":"t2\u00f3 Italia entra a far parte di UNA - Aziende della Comunicazione Unite - t2\u00f3","isPartOf":{"@id":"https:\/\/www.t2o.com\/it\/#website"},"primaryImageOfPage":{"@id":"https:\/\/www.t2o.com\/it\/news\/t2o-italia-entra-a-far-parte-di-una-aziende-della-comunicazione-unite\/#primaryimage"},"image":{"@id":"https:\/\/www.t2o.com\/it\/news\/t2o-italia-entra-a-far-parte-di-una-aziende-della-comunicazione-unite\/#primaryimage"},"thumbnailUrl":"https:\/\/www.t2o.com\/wp-content\/uploads\/2024\/12\/t2oUna.jpg","datePublished":"2024-12-02T14:47:53+00:00","dateModified":"2025-06-17T12:37:04+00:00","author":{"@id":"https:\/\/www.t2o.com\/it\/#\/schema\/person\/5663f101837e22f53842e782a1cc1a41"},"breadcrumb":{"@id":"https:\/\/www.t2o.com\/it\/news\/t2o-italia-entra-a-far-parte-di-una-aziende-della-comunicazione-unite\/#breadcrumb"},"inLanguage":"it-IT","potentialAction":[{"@type":"ReadAction","target":["https:\/\/www.t2o.com\/it\/news\/t2o-italia-entra-a-far-parte-di-una-aziende-della-comunicazione-unite\/"]}]},{"@type":"ImageObject","inLanguage":"it-IT","@id":"https:\/\/www.t2o.com\/it\/news\/t2o-italia-entra-a-far-parte-di-una-aziende-della-comunicazione-unite\/#primaryimage","url":"https:\/\/www.t2o.com\/wp-content\/uploads\/2024\/12\/t2oUna.jpg","contentUrl":"https:\/\/www.t2o.com\/wp-content\/uploads\/2024\/12\/t2oUna.jpg","width":2000,"height":700},{"@type":"BreadcrumbList","@id":"https:\/\/www.t2o.com\/it\/news\/t2o-italia-entra-a-far-parte-di-una-aziende-della-comunicazione-unite\/#breadcrumb","itemListElement":[{"@type":"ListItem","position":1,"name":"Portada","item":"https:\/\/www.t2o.com\/it\/"},{"@type":"ListItem","position":2,"name":"t2\u00f3 Italia entra a far parte di UNA &#8211; Aziende della Comunicazione Unite"}]},{"@type":"WebSite","@id":"https:\/\/www.t2o.com\/it\/#website","url":"https:\/\/www.t2o.com\/it\/","name":"t2\u00f3","description":"t2\u00f3 es una consultora de Marketing, Ventas y Estrategia Digital","potentialAction":[{"@type":"SearchAction","target":{"@type":"EntryPoint","urlTemplate":"https:\/\/www.t2o.com\/it\/?s={search_term_string}"},"query-input":"required name=search_term_string"}],"inLanguage":"it-IT"},{"@type":"Person","@id":"https:\/\/www.t2o.com\/it\/#\/schema\/person\/5663f101837e22f53842e782a1cc1a41","name":"t2oit","url":"https:\/\/www.t2o.com\/it\/author\/t2oit\/"}]}},"_links":{"self":[{"href":"https:\/\/www.t2o.com\/it\/wp-json\/wp\/v2\/posts\/383729"}],"collection":[{"href":"https:\/\/www.t2o.com\/it\/wp-json\/wp\/v2\/posts"}],"about":[{"href":"https:\/\/www.t2o.com\/it\/wp-json\/wp\/v2\/types\/post"}],"author":[{"embeddable":true,"href":"https:\/\/www.t2o.com\/it\/wp-json\/wp\/v2\/users\/157"}],"replies":[{"embeddable":true,"href":"https:\/\/www.t2o.com\/it\/wp-json\/wp\/v2\/comments?post=383729"}],"version-history":[{"count":1,"href":"https:\/\/www.t2o.com\/it\/wp-json\/wp\/v2\/posts\/383729\/revisions"}],"predecessor-version":[{"id":383730,"href":"https:\/\/www.t2o.com\/it\/wp-json\/wp\/v2\/posts\/383729\/revisions\/383730"}],"wp:featuredmedia":[{"embeddable":true,"href":"https:\/\/www.t2o.com\/it\/wp-json\/wp\/v2\/media\/383731"}],"wp:attachment":[{"href":"https:\/\/www.t2o.com\/it\/wp-json\/wp\/v2\/media?parent=383729"}],"wp:term":[{"taxonomy":"category","embeddable":true,"href":"https:\/\/www.t2o.com\/it\/wp-json\/wp\/v2\/categories?post=383729"},{"taxonomy":"post_tag","embeddable":true,"href":"https:\/\/www.t2o.com\/it\/wp-json\/wp\/v2\/tags?post=383729"}],"curies":[{"name":"wp","href":"https:\/\/api.w.org\/{rel}","templated":true}]}}